{"id":14380,"date":"2016-12-21T12:01:05","date_gmt":"2016-12-21T12:01:05","guid":{"rendered":"https:\/\/www.lct-travel.com\/wedding-on-vis-island-on-forth-george\/"},"modified":"2023-06-07T12:42:53","modified_gmt":"2023-06-07T12:42:53","slug":"wedding-on-vis-island-on-forth-george","status":"publish","type":"post","link":"https:\/\/www.lct-travel.com\/hr\/wedding-on-vis-island-on-forth-george\/","title":{"rendered":"VJEN\u010cANJE NA OTOKU VISU &#8211; FORTH GEORGE"},"content":{"rendered":"<div  style='padding-bottom:10px; ' class='av-special-heading av-special-heading-h1    avia-builder-el-0  el_before_av_two_third  avia-builder-el-first  '><h1 class='av-special-heading-tag '  itemprop=\"headline\"  >VJEN\u010cANJE NA OTOKU VISU &#8211; FORTH GEORGE<\/h1><div class='special-heading-border'><div class='special-heading-inner-border' ><\/div><\/div><\/div>\n<div class=\"flex_column av_two_third  flex_column_div av-zero-column-padding first  avia-builder-el-1  el_after_av_heading  el_before_av_one_third  \" style='border-radius:0px; '><div  class='avia-gallery  avia-gallery-1 avia_lazyload avia-gallery-animate avia_animate_when_visible  avia-builder-el-2  avia-builder-el-no-sibling '  itemprop=\"image\" itemscope=\"itemscope\" itemtype=\"https:\/\/schema.org\/ImageObject\" ><a class='avia-gallery-big fakeLightbox lightbox avia-gallery-big-crop-thumb ' href='https:\/\/www.lct-travel.com\/wp-content\/uploads\/2016\/11\/wedding-vis-fort-george_0069.jpg'  data-onclick='1' title='forth george' ><span class='avia-gallery-big-inner'  itemprop=\"thumbnailUrl\" >\t<img width='710' height='375' src='https:\/\/www.lct-travel.com\/wp-content\/uploads\/2016\/11\/wedding-vis-fort-george_0069-710x375.jpg' title='wedding-vis-fort-george_0069' alt='' \/>\t<span class='avia-gallery-caption'>forth george<\/span><\/span><\/a><div class='avia-gallery-thumb'> <a href='https:\/\/www.lct-travel.com\/wp-content\/uploads\/2016\/11\/wedding-vis-fort-george_0069.jpg' data-rel='gallery-1' data-prev-img='https:\/\/www.lct-travel.com\/wp-content\/uploads\/2016\/11\/wedding-vis-fort-george_0069-710x375.jpg' class='first_thumb lightbox ' data-onclick='1' title='forth george'  itemprop=\"thumbnailUrl\" ><img data-avia-tooltip='forth george' src='https:\/\/www.lct-travel.com\/wp-content\/uploads\/2016\/11\/wedding-vis-fort-george_0069-495x400.jpg' width='495' height='400'  title='wedding-vis-fort-george_0069' alt='' \/><\/a> <a href='https:\/\/www.lct-travel.com\/wp-content\/uploads\/2016\/11\/fort-george4-1030x686.jpg' data-rel='gallery-1' data-prev-img='https:\/\/www.lct-travel.com\/wp-content\/uploads\/2016\/11\/fort-george4-710x375.jpg' class='lightbox ' data-onclick='2' title='forth george'  itemprop=\"thumbnailUrl\" ><img data-avia-tooltip='forth george' src='https:\/\/www.lct-travel.com\/wp-content\/uploads\/2016\/11\/fort-george4-495x400.jpg' width='495' height='400'  title='fort-george4' alt='' \/><\/a> <a href='https:\/\/www.lct-travel.com\/wp-content\/uploads\/2016\/11\/fort-george5-1030x687.jpg' data-rel='gallery-1' data-prev-img='https:\/\/www.lct-travel.com\/wp-content\/uploads\/2016\/11\/fort-george5-710x375.jpg' class='lightbox ' data-onclick='3' title='forth george'  itemprop=\"thumbnailUrl\" ><img data-avia-tooltip='forth george' src='https:\/\/www.lct-travel.com\/wp-content\/uploads\/2016\/11\/fort-george5-495x400.jpg' width='495' height='400'  title='fort-george5' alt='' \/><\/a> <a href='https:\/\/www.lct-travel.com\/wp-content\/uploads\/2016\/11\/deluxe-mini-cruiser5.jpg' data-rel='gallery-1' data-prev-img='https:\/\/www.lct-travel.com\/wp-content\/uploads\/2016\/11\/deluxe-mini-cruiser5-710x375.jpg' class='lightbox ' data-onclick='4' title='accomodation'  itemprop=\"thumbnailUrl\" ><img data-avia-tooltip='accomodation' src='https:\/\/www.lct-travel.com\/wp-content\/uploads\/2016\/11\/deluxe-mini-cruiser5-495x400.jpg' width='495' height='400'  title='deluxe-mini-cruiser5' alt='' \/><\/a> <a href='https:\/\/www.lct-travel.com\/wp-content\/uploads\/2016\/12\/vis-stiniva-1030x687.jpg' data-rel='gallery-1' data-prev-img='https:\/\/www.lct-travel.com\/wp-content\/uploads\/2016\/12\/vis-stiniva-710x375.jpg' class='lightbox ' data-onclick='5' title='stiniva beach'  itemprop=\"thumbnailUrl\" ><img data-avia-tooltip='stiniva beach' src='https:\/\/www.lct-travel.com\/wp-content\/uploads\/2016\/12\/vis-stiniva-495x400.jpg' width='495' height='400'  title='vis-stiniva' alt='' \/><\/a> <a href='https:\/\/www.lct-travel.com\/wp-content\/uploads\/2016\/12\/stiniva_otok_vis.jpg' data-rel='gallery-1' data-prev-img='https:\/\/www.lct-travel.com\/wp-content\/uploads\/2016\/12\/stiniva_otok_vis-700x375.jpg' class='first_thumb lightbox ' data-onclick='6' title='stiniva beach'  itemprop=\"thumbnailUrl\" ><img data-avia-tooltip='stiniva beach' src='https:\/\/www.lct-travel.com\/wp-content\/uploads\/2016\/12\/stiniva_otok_vis-495x400.jpg' width='495' height='400'  title='stiniva_otok_vis' alt='' \/><\/a> <a href='https:\/\/www.lct-travel.com\/wp-content\/uploads\/2016\/12\/blue-cave.jpg' data-rel='gallery-1' data-prev-img='https:\/\/www.lct-travel.com\/wp-content\/uploads\/2016\/12\/blue-cave-710x375.jpg' class='lightbox ' data-onclick='7' title='Blue Cave Bi\u0161evo Island'  itemprop=\"thumbnailUrl\" ><img data-avia-tooltip='Blue Cave Bi\u0161evo Island' src='https:\/\/www.lct-travel.com\/wp-content\/uploads\/2016\/12\/blue-cave-495x400.jpg' width='495' height='400'  title='blue-cave' alt='' \/><\/a><\/div><\/div><\/div>\n<div class=\"flex_column av_one_third  flex_column_div av-zero-column-padding   avia-builder-el-3  el_after_av_two_third  el_before_av_hr  \" style='border-radius:0px; '><p><article  class=\"iconbox iconbox_left    avia-builder-el-4  el_before_av_textblock  avia-builder-el-first  \"  itemscope=\"itemscope\" itemtype=\"https:\/\/schema.org\/BlogPosting\" itemprop=\"blogPost\" ><div class=\"iconbox_content\"><header class=\"entry-content-header\"><div class=\"iconbox_icon heading-color \" aria-hidden='true' data-av_icon='\ue81f' data-av_iconfont='entypo-fontello'  ><\/div><h3 class='iconbox_content_title  '  itemprop=\"headline\"  >Kratki opis<\/h3><\/header><div class='iconbox_content_container  '  itemprop=\"text\"  ><\/div><\/div><footer class=\"entry-footer\"><\/footer><\/article><br \/>\n<section class=\"av_textblock_section \"  itemscope=\"itemscope\" itemtype=\"https:\/\/schema.org\/BlogPosting\" itemprop=\"blogPost\" ><div class='avia_textblock  '   itemprop=\"text\" ><ul>\n<li>Vjen\u010danje na otoku Visu, Forth George<\/li>\n<li>(4 dana)<\/li>\n<li>Cijena na upit.<\/li>\n<\/ul>\n<\/div><\/section><br \/>\n<div  class='avia-button-wrap avia-button-left  avia-builder-el-6  el_after_av_textblock  el_before_av_hr ' ><a href='#contactform'  class='avia-button   avia-icon_select-yes-left-icon avia-color-theme-color avia-size-large avia-position-left '   ><span class='avia_button_icon avia_button_icon_left ' aria-hidden='true' data-av_icon='\ue836' data-av_iconfont='entypo-fontello'><\/span><span class='avia_iconbox_title' >Po\u0161alji upit<\/span><\/a><\/div><br \/>\n<div  style='height:50px' class='hr hr-invisible   avia-builder-el-7  el_after_av_button  el_before_av_codeblock '><span class='hr-inner ' ><span class='hr-inner-style'><\/span><\/span><\/div><br \/>\n<\/p><\/div><div  style=' margin-top:10px; margin-bottom:10px;'  class='hr hr-custom hr-center hr-icon-no   avia-builder-el-9  el_after_av_one_third  el_before_av_heading '><span class='hr-inner   inner-border-av-border-thin' style=' width:50px;' ><span class='hr-inner-style'><\/span><\/span><\/div><\/p>\n<div  style='padding-bottom:10px; ' class='av-special-heading av-special-heading-h3    avia-builder-el-10  el_after_av_hr  el_before_av_two_third  '><h3 class='av-special-heading-tag '  itemprop=\"headline\"  >Opis<\/h3><div class='special-heading-border'><div class='special-heading-inner-border' ><\/div><\/div><\/div>\n<div class=\"flex_column av_two_third  flex_column_div av-zero-column-padding first  avia-builder-el-11  el_after_av_heading  el_before_av_one_third  \" style='border-radius:0px; '><section class=\"av_textblock_section \"  itemscope=\"itemscope\" itemtype=\"https:\/\/schema.org\/BlogPosting\" itemprop=\"blogPost\" ><div class='avia_textblock  '   itemprop=\"text\" ><p><strong>LOKACIJA<\/strong><\/p>\n<p><em>Vis, FORTH\u00a0 GEORGE<\/em><\/p>\n<p>Stari dalmatinski seoski dvorac Sv. Juraj, koji datira iz po\u010detka 20. stolje\u0107a okupan suncem i obavijen mirisima, dominira imanjem koje se prote\u017ee na 30.000 m2, A nedavno je potpuno obnovljeno u autenti\u010dnom stilu. Smje\u0161ten je na prekrasnom otoku Hvaru s kojeg se na jasne no\u0107i mogu vidjeti svjetla Italije, okru\u017een \u010dempresima, lavandom, ru\u017emarinom i kaduljom, pru\u017eit \u0107e vam nezaboravan romanti\u010dni odmor u labirintu kamenih ograda, u miru polja, 30 minuta od grada Hvara, 2 sata od Splita.<\/p>\n<p>Dvor Sv. Juraj je smje\u0161ten u polju lavande, ru\u017emarina, smokava i maslina, a nekad je nudio predah terenskim radnicima tijekom rada na poljima, mjestu gdje su mogli pobje\u0107i od vru\u0107eg mediteranskog sunca ili se zagrijati vru\u0107im dalmatinskim ognji\u0161tem, popiti \u010da\u0161u vina i pojesti dobar doma\u0107i sir i pr\u0161ut. Kao i mnoga druga polja diljem Dalmacije, ovaj jo\u0161 uvijek \u017eivi \u017eivotom na\u0161ih predaka, okru\u017een netaknutom prirodom. Dvor je sagra\u0111en od hvarskog sivog kamena, istog koji je kori\u0161ten za izgradnju stotinjak kilometara starog sela Humac, skladno smje\u0161tenog na prijestolje otoka Hvara, u sredi\u0161tu kamenog polja, u moru ti\u0161ine okru\u017eeno endemskim biljnim vrstama. Prvobitno je nastao kao zaseban zaselak u kojem su se uzgajali prehrambeni proizvodi, najva\u017eniji sastojci popularne i zdrave mediteranske kuhinje koja je postala tako popularna u posljednje vrijeme, a danas nastavlja tradiciju proizvodnje vrhunskog maslinovog ulja, vina i za\u010dina.<\/p>\n<\/div><\/section><\/div>\n<div class=\"flex_column av_one_third  flex_column_div av-zero-column-padding   avia-builder-el-13  el_after_av_two_third  el_before_av_hr  \" style='border-radius:0px; '><section class=\"av_textblock_section \"  itemscope=\"itemscope\" itemtype=\"https:\/\/schema.org\/BlogPosting\" itemprop=\"blogPost\" ><div class='avia_textblock  '   itemprop=\"text\" ><p><strong>Prednosti vjen\u010danja u Hrvatskoj: <\/strong><\/p>\n<p>1.vjen\u010danje \u0107e se odr\u017eati u rasko\u0161noj atmosferi, va\u0161e vjen\u010dane fotografije i uspomene bit \u0107e nezaboravne! Va\u0161i gosti \u0107e biti impresionirani. savr\u0161eno vrijeme za vjen\u010danje u Hrvatskoj: u travnju, svibnju, rujnu i listopadu &#8211; u razdoblju izvansezone, kada su cijene znatno ni\u017ee nego u visokoj sezoni! U travnju i svibnju &#8211; prolje\u0107e, cvjetaju mediteransko cvije\u0107e i biljke, sun\u010dani dani.<\/p>\n<p>U rujnu i listopadu temperature mora su iste kao i ljeti. Va\u0161i gosti mogu provesti vi\u0161e vremena na jadranskoj obali. U\u017eivajte u moru, prirodi, klimi i \u010distom zraku.<\/p>\n<p><strong>VA\u017dNO: \u017delimo vas podsjetiti da postupak pripreme vjen\u010danja zahtijeva vrijeme, stoga nas kontaktirajte unaprijed. Preporu\u010dujemo 3-4 mjeseca prije doga\u0111aja. <\/strong><\/p>\n<p><em>Informacije o postupku vjen\u010danja mo\u017eete prona\u0107i na na\u0161oj web stranici:<\/em><\/p>\n<\/div><\/section><\/div>\n<div   class='hr hr-default   avia-builder-el-15  el_after_av_one_third  el_before_av_one_half '><span class='hr-inner ' ><span class='hr-inner-style'><\/span><\/span><\/div>\n<div class=\"flex_column av_one_half  flex_column_div av-zero-column-padding first  avia-builder-el-16  el_after_av_hr  el_before_av_one_half  \" style='border-radius:0px; '><form action=\"https:\/\/www.lct-travel.com\/hr\/wedding-on-vis-island-on-forth-george\/\" method=\"post\"  class=\"avia_ajax_form av-form-labels-visible   avia-builder-el-17  avia-builder-el-no-sibling   \" data-avia-form-id=\"1\" data-avia-redirect='' ><h3 class=''>Po\u0161aljite nam email<\/h3><fieldset><p class=' first_form  form_element form_fullwidth' id='element_avia_1_1'><label for=\"avia_1_1\">Ime <abbr class=\"required\" title=\"required\">*<\/abbr><\/label> <input name=\"avia_1_1\" class=\"text_input is_empty\" type=\"text\" id=\"avia_1_1\" value=\"\" \/><\/p><p class=' first_form  form_element form_fullwidth' id='element_avia_2_1'><label for=\"avia_2_1\">E-Mail <abbr class=\"required\" title=\"required\">*<\/abbr><\/label> <input name=\"avia_2_1\" class=\"text_input is_email\" type=\"text\" id=\"avia_2_1\" value=\"\" \/><\/p><p class=' first_form  form_element form_fullwidth av-last-visible-form-element' id='element_avia_3_1'>\t <label for=\"avia_3_1\" class=\"textare_label hidden textare_label_avia_3_1\">Poruka <abbr class=\"required\" title=\"required\">*<\/abbr><\/label>\t <textarea  name=\"avia_3_1\" class=\"text_area is_empty\" cols=\"40\" rows=\"7\" id=\"avia_3_1\" ><\/textarea><\/p><p class=\"hidden\"><input type=\"text\" name=\"avia_4_1\" class=\"hidden \" id=\"avia_4_1\" value=\"\" \/><\/p><p class=\"form_element \"><input type=\"hidden\" value=\"1\" name=\"avia_generated_form1\" \/><input type=\"submit\" value=\"Po\u0161alji\" class=\"button\"  data-sending-label=\"Sending\"\/><\/p><\/fieldset><div class=\"avia-disabled-forn\">This contact form is deactivated because you refused to accept Google reCaptcha service which is necessary to validate any messages sent by the form.<\/div><\/form><div id=\"ajaxresponse_1\" class=\"ajaxresponse ajaxresponse_1 hidden\"><\/div><\/div>\n<div class=\"flex_column av_one_half  flex_column_div av-zero-column-padding   avia-builder-el-18  el_after_av_one_half  avia-builder-el-last  \" style='border-radius:0px; '><br \/>\n<div  style='height:50px' class='hr hr-invisible   avia-builder-el-20  el_after_av_codeblock  el_before_av_tab_container '><span class='hr-inner ' ><span class='hr-inner-style'><\/span><\/span><\/div><br \/>\n<div  class=\"tabcontainer   top_tab   avia-builder-el-21  el_after_av_hr  avia-builder-el-last \">\n\n<section class=\"av_tab_section\"  itemscope=\"itemscope\" itemtype=\"https:\/\/schema.org\/BlogPosting\" itemprop=\"blogPost\" >    <div aria-controls=\"tab-id-1\" role=\"tab\" tabindex=\"0\" data-fake-id=\"#tab-id-1\" class=\"tab active_tab\"  itemprop=\"headline\" >Ova organizacija uklju\u010duje:<\/div>\n    <div id=\"tab-id-1-container\" class=\"tab_content active_tab_content\" aria-hidden=\"false\">\n        <div class=\"tab_inner_content invers-color\"  itemprop=\"text\" >\n<p>1. Smje\u0161taj (3 no\u0107i)<\/p>\n<p>2. Sudskog tuma\u010da<\/p>\n<p>3. Ekskluzivnu ve\u010deru u 3 slijeda za 30 osoba<\/p>\n<p>4. Cvije\u0107e i ukrase<\/p>\n<p>5. Vjen\u010danog fotografa<\/p>\n<p>6. Svadbenu tortu<\/p>\n\n        <\/div>\n    <\/div>\n<\/section>\n\n<section class=\"av_tab_section\"  itemscope=\"itemscope\" itemtype=\"https:\/\/schema.org\/BlogPosting\" itemprop=\"blogPost\" >    <div aria-controls=\"tab-id-2\" role=\"tab\" tabindex=\"0\" data-fake-id=\"#tab-id-2\" class=\"tab \"  itemprop=\"headline\" >U cijenu nije uklju\u010deno:<\/div>\n    <div id=\"tab-id-2-container\" class=\"tab_content \" aria-hidden=\"true\">\n        <div class=\"tab_inner_content invers-color\"  itemprop=\"text\" >\n<p>*Pi\u0107e<\/p>\n<p>* Glazba<\/p>\n<p>* Transfer: razli\u010dite opcije (jahta, katamaran, trajekt)<\/p>\n<p>Prema va\u0161im \u017eeljama mo\u017eemo dodati u paket: <em>glazbu, \u0161minku i vjen\u010danu frizuru<\/em><\/p>\n\n        <\/div>\n    <\/div>\n<\/section>\n\n<\/div>\n<\/p><\/div>\n","protected":false},"excerpt":{"rendered":"","protected":false},"author":4,"featured_media":12797,"comment_status":"open","ping_status":"open","sticky":false,"template":"","format":"standard","meta":[],"categories":[79],"tags":[],"_links":{"self":[{"href":"https:\/\/www.lct-travel.com\/hr\/wp-json\/wp\/v2\/posts\/14380"}],"collection":[{"href":"https:\/\/www.lct-travel.com\/hr\/wp-json\/wp\/v2\/posts"}],"about":[{"href":"https:\/\/www.lct-travel.com\/hr\/wp-json\/wp\/v2\/types\/post"}],"author":[{"embeddable":true,"href":"https:\/\/www.lct-travel.com\/hr\/wp-json\/wp\/v2\/users\/4"}],"replies":[{"embeddable":true,"href":"https:\/\/www.lct-travel.com\/hr\/wp-json\/wp\/v2\/comments?post=14380"}],"version-history":[{"count":3,"href":"https:\/\/www.lct-travel.com\/hr\/wp-json\/wp\/v2\/posts\/14380\/revisions"}],"predecessor-version":[{"id":20604,"href":"https:\/\/www.lct-travel.com\/hr\/wp-json\/wp\/v2\/posts\/14380\/revisions\/20604"}],"wp:featuredmedia":[{"embeddable":true,"href":"https:\/\/www.lct-travel.com\/hr\/wp-json\/wp\/v2\/media\/12797"}],"wp:attachment":[{"href":"https:\/\/www.lct-travel.com\/hr\/wp-json\/wp\/v2\/media?parent=14380"}],"wp:term":[{"taxonomy":"category","embeddable":true,"href":"https:\/\/www.lct-travel.com\/hr\/wp-json\/wp\/v2\/categories?post=14380"},{"taxonomy":"post_tag","embeddable":true,"href":"https:\/\/www.lct-travel.com\/hr\/wp-json\/wp\/v2\/tags?post=14380"}],"curies":[{"name":"wp","href":"https:\/\/api.w.org\/{rel}","templated":true}]}}